{"id":1893,"date":"2014-07-09T11:00:25","date_gmt":"2014-07-09T09:00:25","guid":{"rendered":"http:\/\/www.judovittorioveneto.net\/?p=1893"},"modified":"2014-07-09T11:00:25","modified_gmt":"2014-07-09T09:00:25","slug":"nel-trofeo-italia-coni-i-judoka-vittoriesi-in-primo-piano","status":"publish","type":"post","link":"https:\/\/www.judovittorioveneto.net\/?p=1893","title":{"rendered":"Nel &#8220;Trofeo Italia CONI&#8221; i Judoka vittoriesi in primo piano"},"content":{"rendered":"<h4>Nel comprensorio del Cansiglio la riuscita manifestazione di Judo ha ben rappresentato la Federazione FIJLKAM fra le tante discipline sportive.<\/h4>\n<p>Il vasto ed incantevole comprensorio del Cansiglio \u00e8 stato scelto dalla Regione Veneto come teatro per una serie di manifestazioni sportive patrocinate dal CONI per valorizzarne il territorio. Una delle pi\u00f9 belle aree naturali d&#8217;Italia \u00e8 cos\u00ec diventata sede e campo di gara per centinaia di giovani atleti che si sono cimentati in ben 26 diverse attivit\u00e0 sportive nel pieno rispetto dell&#8217;ambiente. Per il Judo, il responsabile regionale Maestro Gianpietro Vascellari ed il vice presidente FIJLKAM Giuseppe Casellato, hanno organizzato nel comune di Tambre una manifestazione sportiva con una folta rappresentativa giovanile, che si \u00e8 misurata in una serie di incontri e dimostrazioni di questa disciplina tra gli applausi del numeroso pubblico intervenuto. Questi i nomi dei partecipanti alla piccola &#8220;Olimpiade&#8221; veneta: Kevin Cenedese, Vittorio Maglione, Marco Silvano, Erika Mognol, Nicholas Boito, Gabriele Bagatin, Alessandro Cratter, Manuel Breda, Mattia Reggiani, Enrico Gava, Matteo Zamuner, Lorenzo Zanella, Mattia Panca Spinadin, Martin Tomasella, Marco Pin, Martina \u00a0Paier, Andreetta Andrea, Elisa Frare, Andrea Lucerna, Cristina Facchin, Riccardo Salvador, Nicola Stefan, Nicol\u00f2 Benotto, Leonardo Salvador, Mattia Prosdocimo, Elena Andreetta, Augustin Cozonac, Matteo Paier, Micky Canzian, Luca Rizzo, Dimitri Spagnulo, Linda Amadio, Fabio Tonon, Mauro Benotto, Massimo Palmisano, Andrea Bernardi, Alessia Benotto, Beatrice Camerin, Elena Pagnoscin, Paolo Segat, Caterina De Stefani, Stefano De Nardi, Mauro Da Ros, Giorgia Stangherlin, Massimo Da Ros e Marco Da Dalt.<\/p>\n","protected":false},"excerpt":{"rendered":"<p>Nel comprensorio del Cansiglio la riuscita manifestazione di Judo ha ben rappresentato la Federazione FIJLKAM fra le tante discipline sportive. Il vasto ed incantevole comprensorio del Cansiglio \u00e8 stato scelto dalla Regione Veneto come teatro per una serie di manifestazioni sportive patrocinate dal CONI per valorizzarne il territorio. Una delle pi\u00f9 belle aree naturali d&#8217;Italia&hellip; <a class=\"more-link\" href=\"https:\/\/www.judovittorioveneto.net\/?p=1893\">Continue reading <span class=\"screen-reader-text\">Nel &#8220;Trofeo Italia CONI&#8221; i Judoka vittoriesi in primo piano<\/span><\/a><\/p>\n","protected":false},"author":2,"featured_media":1896,"comment_status":"open","ping_status":"open","sticky":false,"template":"","format":"standard","meta":[],"categories":[3,5],"tags":[112,219,239],"featured_image_urls":{"full":["https:\/\/www.judovittorioveneto.net\/wp-content\/uploads\/2014\/07\/14-06-22-CONI-Tambre3.jpg",1024,683,false],"thumbnail":["https:\/\/www.judovittorioveneto.net\/wp-content\/uploads\/2014\/07\/14-06-22-CONI-Tambre3-150x150.jpg",150,150,true],"medium":["https:\/\/www.judovittorioveneto.net\/wp-content\/uploads\/2014\/07\/14-06-22-CONI-Tambre3-300x200.jpg",300,200,true],"medium_large":["https:\/\/www.judovittorioveneto.net\/wp-content\/uploads\/2014\/07\/14-06-22-CONI-Tambre3-768x512.jpg",750,500,true],"large":["https:\/\/www.judovittorioveneto.net\/wp-content\/uploads\/2014\/07\/14-06-22-CONI-Tambre3-1024x683.jpg",750,500,true],"1536x1536":["https:\/\/www.judovittorioveneto.net\/wp-content\/uploads\/2014\/07\/14-06-22-CONI-Tambre3.jpg",1024,683,false],"2048x2048":["https:\/\/www.judovittorioveneto.net\/wp-content\/uploads\/2014\/07\/14-06-22-CONI-Tambre3.jpg",1024,683,false],"post-thumbnail":["https:\/\/www.judovittorioveneto.net\/wp-content\/uploads\/2014\/07\/14-06-22-CONI-Tambre3.jpg",1024,683,false]},"author_info":{"display_name":"Admin","author_link":"https:\/\/www.judovittorioveneto.net\/?author=2"},"category_info":"<a href=\"https:\/\/www.judovittorioveneto.net\/?cat=3\" rel=\"category\">Generale<\/a> <a href=\"https:\/\/www.judovittorioveneto.net\/?cat=5\" rel=\"category\">News Judo<\/a>","tag_info":"News Judo","comment_count":"0","_links":{"self":[{"href":"https:\/\/www.judovittorioveneto.net\/index.php?rest_route=\/wp\/v2\/posts\/1893"}],"collection":[{"href":"https:\/\/www.judovittorioveneto.net\/index.php?rest_route=\/wp\/v2\/posts"}],"about":[{"href":"https:\/\/www.judovittorioveneto.net\/index.php?rest_route=\/wp\/v2\/types\/post"}],"author":[{"embeddable":true,"href":"https:\/\/www.judovittorioveneto.net\/index.php?rest_route=\/wp\/v2\/users\/2"}],"replies":[{"embeddable":true,"href":"https:\/\/www.judovittorioveneto.net\/index.php?rest_route=%2Fwp%2Fv2%2Fcomments&post=1893"}],"version-history":[{"count":0,"href":"https:\/\/www.judovittorioveneto.net\/index.php?rest_route=\/wp\/v2\/posts\/1893\/revisions"}],"wp:featuredmedia":[{"embeddable":true,"href":"https:\/\/www.judovittorioveneto.net\/index.php?rest_route=\/wp\/v2\/media\/1896"}],"wp:attachment":[{"href":"https:\/\/www.judovittorioveneto.net\/index.php?rest_route=%2Fwp%2Fv2%2Fmedia&parent=1893"}],"wp:term":[{"taxonomy":"category","embeddable":true,"href":"https:\/\/www.judovittorioveneto.net\/index.php?rest_route=%2Fwp%2Fv2%2Fcategories&post=1893"},{"taxonomy":"post_tag","embeddable":true,"href":"https:\/\/www.judovittorioveneto.net\/index.php?rest_route=%2Fwp%2Fv2%2Ftags&post=1893"}],"curies":[{"name":"wp","href":"https:\/\/api.w.org\/{rel}","templated":true}]}}