{"id":2003,"date":"2014-10-26T16:50:45","date_gmt":"2014-10-26T14:50:45","guid":{"rendered":"http:\/\/www.judovittorioveneto.net\/?p=2003"},"modified":"2014-10-26T16:50:45","modified_gmt":"2014-10-26T14:50:45","slug":"ancora-un-primo-posto-per-il-ragazzo-del-podio","status":"publish","type":"post","link":"https:\/\/www.judovittorioveneto.net\/?p=2003","title":{"rendered":"Ancora un primo posto per il &#8220;ragazzo del podio&#8221;"},"content":{"rendered":"<h4>Pur presente in ogni gara, Mattia Prosdocimo del Judo Vittorio Veneto non scende dal podio ormai da due anni<\/h4>\n<p>Come se non bastasse la sorella Alessandra, che in questi giorni si trova a Miami per rappresentare l&#8217; Italia nei campionati mondiali di Judo, anche il fratello Mattia Prosdocimo sembra ormai avviato sulla strada dei campioni destinati al successo. \u00a0Da due anni infatti, Mattia non scende dal podio dei migliori nonostante sia presente in ogni gara del fitto calendario agonistico seguito dal Judo Vittorio Veneto. \u00a0Di competizioni importanti non ne ha persa neanche una sia in Italia che all&#8217;estero, vincendo una lunghissima serie di medaglie d&#8217;oro, poche d&#8217;argento e qualche rara medaglia di bronzo. Da qui il giusto nomignolo di &#8220;ragazzo del podio&#8221; che ormai si porta dietro da tempo. Anche la settimana scorsa si \u00e8 classificato al primo posto nel Torneo internazionale di Spilimbergo, mentre ora a Lugo di Romagna non si \u00e8 smentito, vincendo l&#8217;ennesimo primo posto nell&#8217; impegnativo Torneo internazionale &#8220;Romagna Judo&#8221; del circuito &#8220;Trofeo Italia&#8221;. In questa occasione \u00e8 stata buona anche la prestazione del suo compagno di squadra \u00a0Manuel Breda che si \u00e8 per\u00f2 dovuto fermare prima del podio. Ora, in attesa dell&#8217;appuntamento pi\u00f9&#8217; atteso dell&#8217;anno (quello dove ci sar\u00e0 in \u00a0palio il titolo di campione italiano) la prossima gara del &#8220;ragazzo del podio&#8221; sar\u00e0 quella del Trofeo Citt\u00e0 di Treviso.<\/p>\n","protected":false},"excerpt":{"rendered":"<p>Pur presente in ogni gara, Mattia Prosdocimo del Judo Vittorio Veneto non scende dal podio ormai da due anni Come se non bastasse la sorella Alessandra, che in questi giorni si trova a Miami per rappresentare l&#8217; Italia nei campionati mondiali di Judo, anche il fratello Mattia Prosdocimo sembra ormai avviato sulla strada dei campioni&hellip; <a class=\"more-link\" href=\"https:\/\/www.judovittorioveneto.net\/?p=2003\">Continue reading <span class=\"screen-reader-text\">Ancora un primo posto per il &#8220;ragazzo del podio&#8221;<\/span><\/a><\/p>\n","protected":false},"author":2,"featured_media":1487,"comment_status":"open","ping_status":"open","sticky":false,"template":"","format":"standard","meta":[],"categories":[3,5],"tags":[219,239,274],"featured_image_urls":{"full":["https:\/\/www.judovittorioveneto.net\/wp-content\/uploads\/2013\/07\/13-05-Mattia-Prosdocimo.jpg",1024,683,false],"thumbnail":["https:\/\/www.judovittorioveneto.net\/wp-content\/uploads\/2013\/07\/13-05-Mattia-Prosdocimo-150x150.jpg",150,150,true],"medium":["https:\/\/www.judovittorioveneto.net\/wp-content\/uploads\/2013\/07\/13-05-Mattia-Prosdocimo-300x200.jpg",300,200,true],"medium_large":["https:\/\/www.judovittorioveneto.net\/wp-content\/uploads\/2013\/07\/13-05-Mattia-Prosdocimo-768x512.jpg",750,500,true],"large":["https:\/\/www.judovittorioveneto.net\/wp-content\/uploads\/2013\/07\/13-05-Mattia-Prosdocimo-1024x683.jpg",750,500,true],"1536x1536":["https:\/\/www.judovittorioveneto.net\/wp-content\/uploads\/2013\/07\/13-05-Mattia-Prosdocimo.jpg",1024,683,false],"2048x2048":["https:\/\/www.judovittorioveneto.net\/wp-content\/uploads\/2013\/07\/13-05-Mattia-Prosdocimo.jpg",1024,683,false],"post-thumbnail":["https:\/\/www.judovittorioveneto.net\/wp-content\/uploads\/2013\/07\/13-05-Mattia-Prosdocimo.jpg",1024,683,false]},"author_info":{"display_name":"Admin","author_link":"https:\/\/www.judovittorioveneto.net\/?author=2"},"category_info":"<a href=\"https:\/\/www.judovittorioveneto.net\/?cat=3\" rel=\"category\">Generale<\/a> <a href=\"https:\/\/www.judovittorioveneto.net\/?cat=5\" rel=\"category\">News Judo<\/a>","tag_info":"News Judo","comment_count":"0","_links":{"self":[{"href":"https:\/\/www.judovittorioveneto.net\/index.php?rest_route=\/wp\/v2\/posts\/2003"}],"collection":[{"href":"https:\/\/www.judovittorioveneto.net\/index.php?rest_route=\/wp\/v2\/posts"}],"about":[{"href":"https:\/\/www.judovittorioveneto.net\/index.php?rest_route=\/wp\/v2\/types\/post"}],"author":[{"embeddable":true,"href":"https:\/\/www.judovittorioveneto.net\/index.php?rest_route=\/wp\/v2\/users\/2"}],"replies":[{"embeddable":true,"href":"https:\/\/www.judovittorioveneto.net\/index.php?rest_route=%2Fwp%2Fv2%2Fcomments&post=2003"}],"version-history":[{"count":0,"href":"https:\/\/www.judovittorioveneto.net\/index.php?rest_route=\/wp\/v2\/posts\/2003\/revisions"}],"wp:featuredmedia":[{"embeddable":true,"href":"https:\/\/www.judovittorioveneto.net\/index.php?rest_route=\/wp\/v2\/media\/1487"}],"wp:attachment":[{"href":"https:\/\/www.judovittorioveneto.net\/index.php?rest_route=%2Fwp%2Fv2%2Fmedia&parent=2003"}],"wp:term":[{"taxonomy":"category","embeddable":true,"href":"https:\/\/www.judovittorioveneto.net\/index.php?rest_route=%2Fwp%2Fv2%2Fcategories&post=2003"},{"taxonomy":"post_tag","embeddable":true,"href":"https:\/\/www.judovittorioveneto.net\/index.php?rest_route=%2Fwp%2Fv2%2Ftags&post=2003"}],"curies":[{"name":"wp","href":"https:\/\/api.w.org\/{rel}","templated":true}]}}