{"id":48,"date":"2007-12-29T13:02:12","date_gmt":"2007-12-29T11:02:12","guid":{"rendered":"http:\/\/www.judovittorioveneto.net\/?p=48"},"modified":"2007-12-29T13:02:12","modified_gmt":"2007-12-29T11:02:12","slug":"pinotti-famiglia-di-cinture-nere","status":"publish","type":"post","link":"https:\/\/www.judovittorioveneto.net\/?p=48","title":{"rendered":"Pinotti: famiglia di cinture nere"},"content":{"rendered":"<p><span lang=\"IT\"><span> <\/span><strong>La recente cintura nera 1\u221e dan del figlio Marco, segue infatti il 2\u221e dan della madre Cecilia ed il 3\u221e dan della figlia Marta Pinotti.<\/strong><o:p><\/o:p><\/span><\/p>\n<p class=\"MsoNormal\" style=\"text-align: justify\">&nbsp;<\/p>\n<div style=\"text-align: center\"><img loading=\"lazy\" src=\"http:\/\/farm3.static.flickr.com\/2327\/2146463780_7a68fdfa65.jpg\" height=\"333\" width=\"500\" \/><\/div>\n<p class=\"MsoNormal\" style=\"text-align: justify\"><span lang=\"IT\">Se il colore nero per le nostre tradizioni \u00cb di solito legato ai momenti seri o tristi della vita, nel caso della famiglia Pinotti \u00cb diventato al contrario un segno di giovanile e sportiva vitalit\u2021. <o:p><\/o:p><\/span><\/p>\n<p class=\"MsoNormal\" style=\"text-align: justify\"><span lang=\"IT\">Da tempo infatti, questa famiglia \u00cb legata dalla comune passione per il Judo, che madre e figli praticano da anni nella palestra del Palasport Vittoriese, accanto alle piscine Comunali. <o:p><\/o:p><\/span><\/p>\n<p class=\"MsoNormal\" style=\"text-align: justify\"><span lang=\"IT\">Ora, ad accomunarli si \u00cb aggiunto il colore nero della cintura indossata durante la pratica, che nel Judo com\u00ed\u00cb noto indica il livello tecnico delle abilit\u2021 acquisite. <o:p><\/o:p><\/span><\/p>\n<p class=\"MsoNormal\" style=\"text-align: justify\"><span lang=\"IT\">Con la recente promozione a cintura nera 1\u221e dan del pi\u02d8 giovane Marco, sono infatti saliti a tre i \u00ec<strong><em>Pinotti<\/em><\/strong>\u00ee che hanno ottenuto l\u00edambito riconoscimento. <o:p><\/o:p><\/span><\/p>\n<p class=\"MsoNormal\" style=\"text-align: justify\"><span lang=\"IT\"><img loading=\"lazy\" src=\"http:\/\/farm3.static.flickr.com\/2392\/2145671099_30d20ff8b8_m.jpg\" height=\"160\" width=\"240\" \/>Andando a scalare col grado di cintura, dopo il primo dan di Marco troviamo infatti il secondo dan dell\u00edeffervescente madre Cecilia Brisolin seguito dal terzo dan della figlia Marta Pinotti. Quest\u00edultima non dimentichiamolo \u00cb una pluricampionessa di Judo, che negli ultimi anni \u00cb riuscita a collezionare fior di titoli Italiani, indossando in molte occasioni l\u00edambita maglia azzurra della Nazionale. La recente medaglia di bronzo vinta a Torino nella Finale di Coppa Italia \u00cb del resto l\u00edennesima conferma del livello raggiunto da quest\u00edatleta, che vista l\u00edancor giovane et\u2021 sapr\u2021 di certo raccogliere nuove e migliori soddisfazioni non solo per se, ma per il Judo Nazionale.<o:p><\/o:p><\/span><\/p>\n","protected":false},"excerpt":{"rendered":"<p>La recente cintura nera 1\u221e dan del figlio Marco, segue infatti il 2\u221e dan della madre Cecilia ed il 3\u221e dan della figlia Marta Pinotti. &nbsp; Se il colore nero per le nostre tradizioni \u00cb di solito legato ai momenti seri o tristi della vita, nel caso della famiglia Pinotti \u00cb diventato al contrario un&hellip; <a class=\"more-link\" href=\"https:\/\/www.judovittorioveneto.net\/?p=48\">Continue reading <span class=\"screen-reader-text\">Pinotti: famiglia di cinture nere<\/span><\/a><\/p>\n","protected":false},"author":2,"featured_media":0,"comment_status":"open","ping_status":"open","sticky":false,"template":"","format":"standard","meta":[],"categories":[5],"tags":[155],"featured_image_urls":{"full":"","thumbnail":"","medium":"","medium_large":"","large":"","1536x1536":"","2048x2048":"","post-thumbnail":""},"author_info":{"display_name":"Admin","author_link":"https:\/\/www.judovittorioveneto.net\/?author=2"},"category_info":"<a href=\"https:\/\/www.judovittorioveneto.net\/?cat=5\" rel=\"category\">News Judo<\/a>","tag_info":"News Judo","comment_count":"0","_links":{"self":[{"href":"https:\/\/www.judovittorioveneto.net\/index.php?rest_route=\/wp\/v2\/posts\/48"}],"collection":[{"href":"https:\/\/www.judovittorioveneto.net\/index.php?rest_route=\/wp\/v2\/posts"}],"about":[{"href":"https:\/\/www.judovittorioveneto.net\/index.php?rest_route=\/wp\/v2\/types\/post"}],"author":[{"embeddable":true,"href":"https:\/\/www.judovittorioveneto.net\/index.php?rest_route=\/wp\/v2\/users\/2"}],"replies":[{"embeddable":true,"href":"https:\/\/www.judovittorioveneto.net\/index.php?rest_route=%2Fwp%2Fv2%2Fcomments&post=48"}],"version-history":[{"count":0,"href":"https:\/\/www.judovittorioveneto.net\/index.php?rest_route=\/wp\/v2\/posts\/48\/revisions"}],"wp:attachment":[{"href":"https:\/\/www.judovittorioveneto.net\/index.php?rest_route=%2Fwp%2Fv2%2Fmedia&parent=48"}],"wp:term":[{"taxonomy":"category","embeddable":true,"href":"https:\/\/www.judovittorioveneto.net\/index.php?rest_route=%2Fwp%2Fv2%2Fcategories&post=48"},{"taxonomy":"post_tag","embeddable":true,"href":"https:\/\/www.judovittorioveneto.net\/index.php?rest_route=%2Fwp%2Fv2%2Ftags&post=48"}],"curies":[{"name":"wp","href":"https:\/\/api.w.org\/{rel}","templated":true}]}}