{"id":51,"date":"2008-01-15T19:16:39","date_gmt":"2008-01-15T17:16:39","guid":{"rendered":"http:\/\/www.judovittorioveneto.net\/?p=51"},"modified":"2008-01-15T19:16:39","modified_gmt":"2008-01-15T17:16:39","slug":"nuove-medaglie-nazionali-per-il-judo-vittorio-venetoennesimo-oro-per-celletti-argento-per-poser-e-de-stefani","status":"publish","type":"post","link":"https:\/\/www.judovittorioveneto.net\/?p=51","title":{"rendered":"Nuove medaglie Nazionali per il Judo Vittorio Veneto:ennesimo oro per Celletti, argento per Poser e De Stefani"},"content":{"rendered":"<p align=\"justify\"><strong>Con un  gran finale il Judo Vittorio Veneto porta a casa le ultime tre medaglie Nazionali del 2007, vinte a Roma da Marisa Celletti nel &#8220;Torneo Londra 2012&#8221; e da Matteo Poser e Caterina De Stefani del &#8220;Torneo delle Regioni&#8221;<\/strong><\/p>\n<p align=\"left\">&nbsp;<\/p>\n<p align=\"justify\"><img loading=\"lazy\" src=\"http:\/\/farm3.static.flickr.com\/2418\/2189854259_a1d8b3a6e7_m.jpg\" height=\"160\" width=\"240\" \/>Per concludere un anno ricco di successi, al Judo-Aikido Vittorio Veneto ci voleva proprio un bel &#8220;botto&#8221; finale. L&#8217;occasione \u00cb puntualmente arrivata a Roma con le ultime due gare Federali del mese di dicembre. Alla prima, denominata &#8220;Torneo Londra 2012&#8221; potevano partecipare gli at scelti fra quelli coi migliori risultati dell&#8217;anno fino alla fascia degli &#8220;Under 23&#8221;, mentre alla seconda partecipavano le selezioni delle squadre Regionali Cadetti. Gara quindi impegnativa, se non altro per lqualit\u2021 degli atleti schierati sui &#8220;tatami&#8221; del Palasport di Roma -Ostia. Nella prima competizione, che dal nome stesso porta col pensiero alla prossima Olimpiade del 2012 a Londra, non poteva mancare la Campionessa  Assoluta in carica Marisa Celletti. Anche se com&#8217;\u00cb noto ogni gara \u00cb imprevedibile, Marisa \u00cb riuscita a confermare pure nell&#8217;ultima competizione dell&#8217;anno, il ruolo di migliore atleta d&#8217;Italia, vincendo cos\u00cf la quarta medaglia d&#8217;oro Nazionale consecutiva.<\/p>\n<p align=\"justify\">Il giorno dopo e sempre a Roma-Ostia, si \u00cb quindi svolto il &#8220;Torneo delle Regioni&#8221;, con la partecipazione dei migliori &#8220;Cadetti&#8221; in campo Nazionale. Anche qui, i due atleti Vittoriesi della squadra Rappresentativa Regionale,  si sono posti nuovamente il luce.<img loading=\"lazy\" src=\"http:\/\/farm3.static.flickr.com\/2107\/2194661013_2e832fb21e_s.jpg\" align=\"right\" height=\"75\" width=\"75\" \/><\/p>\n<p align=\"justify\">Sia Matteo Poser che Caterina De Stefani, hanno infatti vinto le medaglie d&#8217;argento dei secondi classificati in campo Nazionale.<img loading=\"lazy\" src=\"http:\/\/farm3.static.flickr.com\/2113\/2194661425_43f062af37_s.jpg\" height=\"75\" width=\"75\" \/><\/p>\n<p align=\"justify\">&#8220;Un secondo posto&#8221; commenta il Maestro Vascellari quale Commissario Tecnico Regionale al seguito della Rappresentativa Veneta, &#8220;che entrambi gli atleti si sono contesi coi primi, fino all&#8217;ultimo istante degli incontri di finale. Se poi consideriamo, che tali risultati fanno seguito alle medaglie di bronzo vinte pochi mesi fa da entrambi nella finale Nazionale del Campionato Italiano di categoria, c&#8217;\u00cb da ben sperare che prima o poi possano anche arrivare all&#8217;ambito oro del titolo Italiano&#8221;.<\/p>\n<p align=\"justify\">&nbsp;<\/p>\n<div style=\"text-align: center\"><img loading=\"lazy\" src=\"http:\/\/farm3.static.flickr.com\/2252\/2195449792_4728f347fc_m.jpg\" height=\"160\" width=\"240\" \/> <img loading=\"lazy\" src=\"http:\/\/farm3.static.flickr.com\/2050\/2195449392_90cbe38f06_m.jpg\" height=\"160\" width=\"240\" \/><\/div>\n<div style=\"text-align: center\"><\/div>\n<p align=\"justify\">&nbsp;<\/p>\n","protected":false},"excerpt":{"rendered":"<p>Con un gran finale il Judo Vittorio Veneto porta a casa le ultime tre medaglie Nazionali del 2007, vinte a Roma da Marisa Celletti nel &#8220;Torneo Londra 2012&#8221; e da Matteo Poser e Caterina De Stefani del &#8220;Torneo delle Regioni&#8221; &nbsp; Per concludere un anno ricco di successi, al Judo-Aikido Vittorio Veneto ci voleva proprio&hellip; <a class=\"more-link\" href=\"https:\/\/www.judovittorioveneto.net\/?p=51\">Continue reading <span class=\"screen-reader-text\">Nuove medaglie Nazionali per il Judo Vittorio Veneto:ennesimo oro per Celletti, argento per Poser e De Stefani<\/span><\/a><\/p>\n","protected":false},"author":2,"featured_media":0,"comment_status":"open","ping_status":"open","sticky":false,"template":"","format":"standard","meta":[],"categories":[5],"tags":[171],"featured_image_urls":{"full":"","thumbnail":"","medium":"","medium_large":"","large":"","1536x1536":"","2048x2048":"","post-thumbnail":""},"author_info":{"display_name":"Admin","author_link":"https:\/\/www.judovittorioveneto.net\/?author=2"},"category_info":"<a href=\"https:\/\/www.judovittorioveneto.net\/?cat=5\" rel=\"category\">News Judo<\/a>","tag_info":"News Judo","comment_count":"1","_links":{"self":[{"href":"https:\/\/www.judovittorioveneto.net\/index.php?rest_route=\/wp\/v2\/posts\/51"}],"collection":[{"href":"https:\/\/www.judovittorioveneto.net\/index.php?rest_route=\/wp\/v2\/posts"}],"about":[{"href":"https:\/\/www.judovittorioveneto.net\/index.php?rest_route=\/wp\/v2\/types\/post"}],"author":[{"embeddable":true,"href":"https:\/\/www.judovittorioveneto.net\/index.php?rest_route=\/wp\/v2\/users\/2"}],"replies":[{"embeddable":true,"href":"https:\/\/www.judovittorioveneto.net\/index.php?rest_route=%2Fwp%2Fv2%2Fcomments&post=51"}],"version-history":[{"count":0,"href":"https:\/\/www.judovittorioveneto.net\/index.php?rest_route=\/wp\/v2\/posts\/51\/revisions"}],"wp:attachment":[{"href":"https:\/\/www.judovittorioveneto.net\/index.php?rest_route=%2Fwp%2Fv2%2Fmedia&parent=51"}],"wp:term":[{"taxonomy":"category","embeddable":true,"href":"https:\/\/www.judovittorioveneto.net\/index.php?rest_route=%2Fwp%2Fv2%2Fcategories&post=51"},{"taxonomy":"post_tag","embeddable":true,"href":"https:\/\/www.judovittorioveneto.net\/index.php?rest_route=%2Fwp%2Fv2%2Ftags&post=51"}],"curies":[{"name":"wp","href":"https:\/\/api.w.org\/{rel}","templated":true}]}}